{"id":248,"date":"2025-05-15T16:42:00","date_gmt":"2025-05-15T20:42:00","guid":{"rendered":"https:\/\/startersites.io\/blocksy\/barber-shop\/?p=248"},"modified":"2025-09-04T10:42:47","modified_gmt":"2025-09-04T14:42:47","slug":"voluptate-ollum-earum-dolore-umnis-aliquid","status":"publish","type":"post","link":"https:\/\/inac.edu.bo\/wordpress\/index.php\/2025\/05\/15\/voluptate-ollum-earum-dolore-umnis-aliquid\/","title":{"rendered":"D\u00eda Internacional del Servicio de Informaci\u00f3n Aeron\u00e1utica (AIS)"},"content":{"rendered":"\n<blockquote class=\"wp-block-quote is-layout-flow wp-block-quote-is-layout-flow\">\n<p>El D\u00eda Internacional del <strong>Servicio de Informaci\u00f3n Aeron\u00e1utica (AIS)<\/strong> se celebra cada a\u00f1o el&nbsp;<strong>15 de mayo<\/strong>.&nbsp;Este d\u00eda conmemora la adopci\u00f3n del Anexo 15 al Convenio sobre Aviaci\u00f3n Civil Internacional, que establece las normas y procedimientos para el AIS.&nbsp;El AIS es un servicio vital para la seguridad, eficiencia y regularidad de la aviaci\u00f3n civil, proporcionando informaci\u00f3n a los pilotos y operadores a\u00e9reos para la navegaci\u00f3n y la planificaci\u00f3n de vuelos.&nbsp;<\/p>\n<\/blockquote>\n\n\n\n<figure class=\"wp-block-image size-large\"><img loading=\"lazy\" decoding=\"async\" width=\"1024\" height=\"1024\" src=\"https:\/\/inac.edu.bo\/wordpress\/wp-content\/uploads\/2022\/05\/Dia-Internacional-AIS-1024x1024.jpg\" alt=\"\" class=\"wp-image-842\" srcset=\"https:\/\/inac.edu.bo\/wordpress\/wp-content\/uploads\/2022\/05\/Dia-Internacional-AIS-1024x1024.jpg 1024w, https:\/\/inac.edu.bo\/wordpress\/wp-content\/uploads\/2022\/05\/Dia-Internacional-AIS-300x300.jpg 300w, https:\/\/inac.edu.bo\/wordpress\/wp-content\/uploads\/2022\/05\/Dia-Internacional-AIS-150x150.jpg 150w, https:\/\/inac.edu.bo\/wordpress\/wp-content\/uploads\/2022\/05\/Dia-Internacional-AIS-768x768.jpg 768w, https:\/\/inac.edu.bo\/wordpress\/wp-content\/uploads\/2022\/05\/Dia-Internacional-AIS-1536x1536.jpg 1536w, https:\/\/inac.edu.bo\/wordpress\/wp-content\/uploads\/2022\/05\/Dia-Internacional-AIS-2048x2048.jpg 2048w\" sizes=\"auto, (max-width: 1024px) 100vw, 1024px\" \/><\/figure>\n\n\n\n<h3 class=\"wp-block-heading\">El Servicio de Informaci\u00f3n Aeron\u00e1utica (AIS):<\/h3>\n\n\n\n<ul class=\"wp-block-list\">\n<li><strong>Funci\u00f3n:<\/strong> Proporciona informaci\u00f3n y datos esenciales para la planificaci\u00f3n y el desarrollo seguro y eficiente de las operaciones a\u00e9reas.&nbsp;<\/li>\n\n\n\n<li><strong>Importancia:<\/strong> Es fundamental para la navegaci\u00f3n a\u00e9rea, garantizando la seguridad de las aeronaves y la eficiencia de los vuelos.&nbsp;<\/li>\n\n\n\n<li><strong>Informaci\u00f3n proporcionada:<\/strong> Incluye informaci\u00f3n sobre aeropuertos, rutas a\u00e9reas, condiciones meteorol\u00f3gicas, y cualquier otra informaci\u00f3n relevante para la navegaci\u00f3n.&nbsp;<\/li>\n\n\n\n<li><strong>Conmemoraci\u00f3n:<\/strong> El 15 de mayo se celebra el D\u00eda Internacional del AIS para reconocer la importancia de este servicio y la labor de los profesionales que lo proporcionan.&nbsp;<\/li>\n<\/ul>\n\n\n\n<h3 class=\"wp-block-heading\">Origen de la celebraci\u00f3n:<\/h3>\n\n\n\n<ul class=\"wp-block-list\">\n<li>El 15 de mayo de 1953, se adopt\u00f3 el Anexo 15 al Convenio sobre Aviaci\u00f3n Civil Internacional, que establece los est\u00e1ndares y pr\u00e1cticas recomendadas para los servicios de informaci\u00f3n aeron\u00e1utica.<\/li>\n<\/ul>\n\n\n\n<ul class=\"wp-block-list\">\n<li>Este anexo, bajo la supervisi\u00f3n de la Organizaci\u00f3n de Aviaci\u00f3n Civil Internacional (OACI), es un documento fundamental para la seguridad a\u00e9rea.&nbsp;<\/li>\n<\/ul>\n\n\n\n<ul class=\"wp-block-list\">\n<li>Desde entonces, cada 15 de mayo se celebra el D\u00eda Internacional del Servicio de Informaci\u00f3n Aeron\u00e1utica para conmemorar esta fecha y reconocer la importancia de este servicio.&nbsp;<\/li>\n<\/ul>\n","protected":false},"excerpt":{"rendered":"<p>El D\u00eda Internacional del Servicio de Informaci\u00f3n Aeron\u00e1utica (AIS) se celebra cada a\u00f1o el&nbsp;15 de mayo.&nbsp;Este d\u00eda conmemora la adopci\u00f3n del Anexo 15 al Convenio sobre Aviaci\u00f3n Civil Internacional, que establece las normas y procedimientos para el AIS.&nbsp;El AIS es un servicio vital para la seguridad, eficiencia y regularidad de la aviaci\u00f3n civil, proporcionando informaci\u00f3n [&hellip;]<\/p>\n","protected":false},"author":1,"featured_media":844,"comment_status":"open","ping_status":"closed","sticky":false,"template":"","format":"standard","meta":{"footnotes":""},"categories":[4],"tags":[],"class_list":["post-248","post","type-post","status-publish","format-standard","has-post-thumbnail","hentry","category-eventos"],"blocksy_meta":{"styles_descriptor":{"styles":{"desktop":"","tablet":"","mobile":""},"google_fonts":[],"version":6}},"_links":{"self":[{"href":"https:\/\/inac.edu.bo\/wordpress\/index.php\/wp-json\/wp\/v2\/posts\/248","targetHints":{"allow":["GET"]}}],"collection":[{"href":"https:\/\/inac.edu.bo\/wordpress\/index.php\/wp-json\/wp\/v2\/posts"}],"about":[{"href":"https:\/\/inac.edu.bo\/wordpress\/index.php\/wp-json\/wp\/v2\/types\/post"}],"author":[{"embeddable":true,"href":"https:\/\/inac.edu.bo\/wordpress\/index.php\/wp-json\/wp\/v2\/users\/1"}],"replies":[{"embeddable":true,"href":"https:\/\/inac.edu.bo\/wordpress\/index.php\/wp-json\/wp\/v2\/comments?post=248"}],"version-history":[{"count":2,"href":"https:\/\/inac.edu.bo\/wordpress\/index.php\/wp-json\/wp\/v2\/posts\/248\/revisions"}],"predecessor-version":[{"id":1177,"href":"https:\/\/inac.edu.bo\/wordpress\/index.php\/wp-json\/wp\/v2\/posts\/248\/revisions\/1177"}],"wp:featuredmedia":[{"embeddable":true,"href":"https:\/\/inac.edu.bo\/wordpress\/index.php\/wp-json\/wp\/v2\/media\/844"}],"wp:attachment":[{"href":"https:\/\/inac.edu.bo\/wordpress\/index.php\/wp-json\/wp\/v2\/media?parent=248"}],"wp:term":[{"taxonomy":"category","embeddable":true,"href":"https:\/\/inac.edu.bo\/wordpress\/index.php\/wp-json\/wp\/v2\/categories?post=248"},{"taxonomy":"post_tag","embeddable":true,"href":"https:\/\/inac.edu.bo\/wordpress\/index.php\/wp-json\/wp\/v2\/tags?post=248"}],"curies":[{"name":"wp","href":"https:\/\/api.w.org\/{rel}","templated":true}]}}